{"id":249,"date":"2023-01-19T08:14:41","date_gmt":"2023-01-19T08:14:41","guid":{"rendered":"https:\/\/craneopapaluna.com\/?p=249"},"modified":"2023-03-22T14:16:52","modified_gmt":"2023-03-22T14:16:52","slug":"249","status":"publish","type":"post","link":"https:\/\/craneopapaluna.com\/?p=249","title":{"rendered":"Estrenamos web"},"content":{"rendered":"\n\n\n[et_pb_section fb_built=\u00bb1&#8243; admin_label=\u00bbPage Title Section\u00bb _builder_version=\u00bb4.19.4&#8243; use_background_color_gradient=\u00bbon\u00bb background_color_gradient_direction=\u00bb120deg\u00bb background_color_gradient_stops=\u00bb#000000 0%|rgba(0,0,0,0) 100%\u00bb background_color_gradient_overlays_image=\u00bbon\u00bb background_color_gradient_start=\u00bb#000000&#8243; background_color_gradient_end=\u00bbrgba(0,0,0,0)\u00bb background_image=\u00bbhttps:\/\/craneopapaluna.com\/wp-content\/uploads\/2022\/11\/Papa-Luna-Paniza_MG_8289-Editar.jpg\u00bb background_position=\u00bbcenter_left\u00bb custom_padding=\u00bb110px||110px|\u00bb hover_enabled=\u00bb0&#8243; global_colors_info=\u00bb{}\u00bb sticky_enabled=\u00bb0&#8243;][et_pb_row admin_label=\u00bbPage Title Area\u00bb _builder_version=\u00bb4.16&#8243; background_size=\u00bbinitial\u00bb background_position=\u00bbtop_left\u00bb background_repeat=\u00bbrepeat\u00bb global_colors_info=\u00bb{}\u00bb][et_pb_column type=\u00bb4_4&#8243; _builder_version=\u00bb4.16&#8243; custom_padding=\u00bb|||\u00bb global_colors_info=\u00bb{}\u00bb custom_padding__hover=\u00bb|||\u00bb][et_pb_text admin_label=\u00bbTitle\u00bb _builder_version=\u00bb4.19.4&#8243; text_font=\u00bb||||||||\u00bb header_font=\u00bbPoppins|600|||||||\u00bb header_font_size=\u00bb60px\u00bb header_line_height=\u00bb1.2em\u00bb header_2_font=\u00bb||||||||\u00bb header_2_font_size=\u00bb60px\u00bb background_layout=\u00bbdark\u00bb width=\u00bb100%\u00bb custom_margin=\u00bb||20px|\u00bb custom_padding=\u00bb|0px||||\u00bb animation_style=\u00bbfade\u00bb header_font_size_tablet=\u00bb\u00bb header_font_size_phone=\u00bb40px\u00bb header_font_size_last_edited=\u00bbon|phone\u00bb global_colors_info=\u00bb{}\u00bb]<h1>Estrenamos web<\/h1>[\/et_pb_text][et_pb_text admin_label=\u00bbPage Subtitle\u00bb _builder_version=\u00bb4.19.4&#8243; text_font=\u00bbPoppins||||||||\u00bb text_font_size=\u00bb18px\u00bb text_line_height=\u00bb1.8em\u00bb header_font=\u00bb||||||||\u00bb background_layout=\u00bbdark\u00bb animation_style=\u00bbfade\u00bb global_colors_info=\u00bb{}\u00bb]<h3>La web dedicada al lugar de reposo de los restos del Papa Luna estrena contenidos para que se conozca mejor a este personaje coincidiendo con el 600 aniversario de su fallecimiento.<\/h3>\n<p>La presencia del cr\u00e1neo del Papa Luna en Sabi\u00f1\u00e1n desde hace siglos se refuerza con esta web dedicada a glosar la historia de este pont\u00edfice aragon\u00e9s. Esta es <span>la \u00fanica reliquia conservada de <\/span><span>P<\/span><span>edro Mart\u00ednez de Luna y P\u00e9rez de Gotor<\/span><span>, el \u00fanico papa aragon\u00e9s de la historia, conocido como Benedicto XIII, el Papa Luna. Este personaje fue protagonista de la historia del mundo en el siglo XIV y se ha visto envuelto en diferentes acontecimientos, algunos de ellos rocambolescos, a lo largo de los siglos.\u00a0<\/span><\/p>\n<p><span>Sabi\u00f1\u00e1n acoge la reliquia y le dedica una capilla dentro de la iglesia parroquial en la que es posible visitar tan insignes huesos y conocer mejor al personaje. La propiedad del cr\u00e1neo pas\u00f3 al Ayuntamiento de Sabi\u00f1\u00e1n el 30 de abril de 2019, merced a la donaci\u00f3n de Luis Olaz\u00e1bal y Castro, en representaci\u00f3n del resto de los propietarios del cr\u00e1neo del Papa Luna, confirmando los deseos de su padre y t\u00edos, los hermanos Olaz\u00e1bal-Bordiu, y en virtud de una promesa hecha anteriormente al Ayuntamiento de esta villa.<\/span><\/p>\n<p><span>Desde esta web se aportan datos acerca del Papa y se promocionar\u00e1n datos acerca del personaje y de las visitas que se organicen para conocer este important\u00edsimo legado.<\/span><\/p>[\/et_pb_text][\/et_pb_column][\/et_pb_row][\/et_pb_section]\n\n\n","protected":false},"excerpt":{"rendered":"<p>Estrenamos webLa web dedicada al lugar de reposo de los restos del Papa Luna estrena contenidos para que se conozca mejor a este personaje coincidiendo con el 600 aniversario de su fallecimiento. La presencia del cr\u00e1neo del Papa Luna en Sabi\u00f1\u00e1n desde hace siglos se refuerza con esta web dedicada a glosar la historia de [&hellip;]<\/p>\n","protected":false},"author":1,"featured_media":214,"comment_status":"closed","ping_status":"closed","sticky":false,"template":"","format":"standard","meta":{"_et_pb_use_builder":"on","_et_pb_old_content":"","_et_gb_content_width":"1080","footnotes":""},"categories":[14],"tags":[],"class_list":["post-249","post","type-post","status-publish","format-standard","has-post-thumbnail","hentry","category-papa-luna"],"_links":{"self":[{"href":"https:\/\/craneopapaluna.com\/index.php?rest_route=\/wp\/v2\/posts\/249","targetHints":{"allow":["GET"]}}],"collection":[{"href":"https:\/\/craneopapaluna.com\/index.php?rest_route=\/wp\/v2\/posts"}],"about":[{"href":"https:\/\/craneopapaluna.com\/index.php?rest_route=\/wp\/v2\/types\/post"}],"author":[{"embeddable":true,"href":"https:\/\/craneopapaluna.com\/index.php?rest_route=\/wp\/v2\/users\/1"}],"replies":[{"embeddable":true,"href":"https:\/\/craneopapaluna.com\/index.php?rest_route=%2Fwp%2Fv2%2Fcomments&post=249"}],"version-history":[{"count":8,"href":"https:\/\/craneopapaluna.com\/index.php?rest_route=\/wp\/v2\/posts\/249\/revisions"}],"predecessor-version":[{"id":270,"href":"https:\/\/craneopapaluna.com\/index.php?rest_route=\/wp\/v2\/posts\/249\/revisions\/270"}],"wp:featuredmedia":[{"embeddable":true,"href":"https:\/\/craneopapaluna.com\/index.php?rest_route=\/wp\/v2\/media\/214"}],"wp:attachment":[{"href":"https:\/\/craneopapaluna.com\/index.php?rest_route=%2Fwp%2Fv2%2Fmedia&parent=249"}],"wp:term":[{"taxonomy":"category","embeddable":true,"href":"https:\/\/craneopapaluna.com\/index.php?rest_route=%2Fwp%2Fv2%2Fcategories&post=249"},{"taxonomy":"post_tag","embeddable":true,"href":"https:\/\/craneopapaluna.com\/index.php?rest_route=%2Fwp%2Fv2%2Ftags&post=249"}],"curies":[{"name":"wp","href":"https:\/\/api.w.org\/{rel}","templated":true}]}}