{"id":311,"date":"2023-03-22T14:14:03","date_gmt":"2023-03-22T14:14:03","guid":{"rendered":"https:\/\/craneopapaluna.com\/?p=311"},"modified":"2023-03-22T14:14:35","modified_gmt":"2023-03-22T14:14:35","slug":"el-tribunal-superior-de-justicia-de-aragon-ha-rechazado-la-demanda-del-ayuntamiento-de-illueca-contra-el-gobierno-de-aragon-y-el-ayuntamiento-de-sabinan-en-relacion-a-la-entrega-del-craneo-del-papa-lu","status":"publish","type":"post","link":"https:\/\/craneopapaluna.com\/?p=311","title":{"rendered":"<strong>El Tribunal Superior de Justicia de Arag\u00f3n ha rechazado la demanda del Ayuntamiento de Illueca contra el Gobierno de Arag\u00f3n y el Ayuntamiento de Sabi\u00f1\u00e1n en relaci\u00f3n a la entrega del cr\u00e1neo del Papa Luna<\/strong>"},"content":{"rendered":"[et_pb_section admin_label=\u00bbsection\u00bb]\n\t\t\t[et_pb_row admin_label=\u00bbrow\u00bb]\n\t\t\t\t[et_pb_column type=\u00bb4_4&#8243;][et_pb_text admin_label=\u00bbText\u00bb]\n<p>La Sala de lo Contencioso Administrativo ha avalado la propiedad del Ayuntamiento de Sabi\u00f1\u00e1n sobre la reliquia, lo que ha sido confirmado en la sentencia del 7 de marzo de 2023. En esta sentencia, se condena adem\u00e1s a costas al Ayuntamiento de Illueca por su demanda. El Tribunal ha establecido que la propiedad del cr\u00e1neo es del Ayuntamiento de Sabi\u00f1\u00e1n, al haberla recibido por donaci\u00f3n de la familia Olaz\u00e1bal-Bordiu en el pleno del 3 de abril de 2019.<\/p>\n\n\n\n<p>Tras el robo y recuperaci\u00f3n en el a\u00f1o 2000, el cr\u00e1neo del Papa Luna permaneci\u00f3 en dep\u00f3sito en el Museo de Zaragoza, a la espera de ser devuelto a sus leg\u00edtimos propietarios una vez finalizasen las acciones legales. La familia del Palacio de Argillo don\u00f3 el cr\u00e1neo de Benedicto XIII, y el Ayuntamiento de Sabi\u00f1\u00e1n solicit\u00f3 la devoluci\u00f3n del bien al Gobierno de Arag\u00f3n. Se impusieron requisitos para acoger la reliquia en la capilla de Santa Ana de la iglesia parroquial, y finalmente, en junio de 2021, el cr\u00e1neo fue trasladado a Sabi\u00f1\u00e1n.<\/p>\n\n\n\n<p>Seg\u00fan reza la sentencia, \u201cel bien permaneci\u00f3 en Sabi\u00f1\u00e1n de manera ininterrumpida desde la Guerra de Sucesi\u00f3n (1701 a 1714) hasta que en el a\u00f1o 2000 fue objeto de un robo con fuerza\u201d. El Tribunal ahonda en la cuesti\u00f3n de que desde esa lejana fecha, el Ayuntamiento de Illueca nunca reclam\u00f3 la reliquia del papa \u201chasta el a\u00f1o 2020 nadie cuestion\u00f3 ni la posesi\u00f3n ni la propiedad del cr\u00e1neo por la familia del Conde de Argillo\u201d. La argumentaci\u00f3n de la Sala hace referencia a que el art\u00edculo 635 de la Ley de Enjuiciamiento Criminal dice que \u201cse reputar\u00e1 due\u00f1o el que estuviere poseyendo la cosa al tiempo de incautarse de ella el juez de instrucci\u00f3n\u201d. Por ello concluye que se ha obrado correctamente al devolver el bien a quien lo pose\u00eda en el momento de su incautaci\u00f3n: la familia Olaz\u00e1bal-Bordiu, y en consecuencia, a quien ellos realizaron la donaci\u00f3n del bien, o sea, el Ayuntamiento de Sabi\u00f1\u00e1n. Por todo lo anterior, se desestim\u00f3 el recurso del consistorio de Illueca y se les impuso el pago de las costas del recurso.<\/p>\n\n\n\n<p>El Ayuntamiento de Sabi\u00f1\u00e1n se ha mostrado satisfecho con la sentencia, ya que confirma la legalidad del proceso y avala la propiedad del consistorio de Sabi\u00f1\u00e1n del cr\u00e1neo del Papa Luna, Pedro Mart\u00ednez de Luna y P\u00e9rez de Gotor.<\/p>\n[\/et_pb_text][\/et_pb_column]\n\t\t\t[\/et_pb_row]\n\t\t[\/et_pb_section]","protected":false},"excerpt":{"rendered":"<p>La Sala de lo Contencioso Administrativo ha avalado la propiedad del Ayuntamiento de Sabi\u00f1\u00e1n sobre la reliquia, lo que ha sido confirmado en la sentencia del 7 de marzo de 2023. En esta sentencia, se condena adem\u00e1s a costas al Ayuntamiento de Illueca por su demanda. El Tribunal ha establecido que la propiedad del cr\u00e1neo [&hellip;]<\/p>\n","protected":false},"author":1,"featured_media":120,"comment_status":"closed","ping_status":"closed","sticky":false,"template":"","format":"standard","meta":{"_et_pb_use_builder":"on","_et_pb_old_content":"<!-- wp:paragraph -->\n<p>La Sala de lo Contencioso Administrativo ha avalado la propiedad del Ayuntamiento de Sabi\u00f1\u00e1n sobre la reliquia, lo que ha sido confirmado en la sentencia del 7 de marzo de 2023. En esta sentencia, se condena adem\u00e1s a costas al Ayuntamiento de Illueca por su demanda. El Tribunal ha establecido que la propiedad del cr\u00e1neo es del Ayuntamiento de Sabi\u00f1\u00e1n, al haberla recibido por donaci\u00f3n de la familia Olaz\u00e1bal-Bordiu en el pleno del 3 de abril de 2019.<\/p>\n<!-- \/wp:paragraph -->\n\n<!-- wp:paragraph -->\n<p>Tras el robo y recuperaci\u00f3n en el a\u00f1o 2000, el cr\u00e1neo del Papa Luna permaneci\u00f3 en dep\u00f3sito en el Museo de Zaragoza, a la espera de ser devuelto a sus leg\u00edtimos propietarios una vez finalizasen las acciones legales. La familia del Palacio de Argillo don\u00f3 el cr\u00e1neo de Benedicto XIII, y el Ayuntamiento de Sabi\u00f1\u00e1n solicit\u00f3 la devoluci\u00f3n del bien al Gobierno de Arag\u00f3n. Se impusieron requisitos para acoger la reliquia en la capilla de Santa Ana de la iglesia parroquial, y finalmente, en junio de 2021, el cr\u00e1neo fue trasladado a Sabi\u00f1\u00e1n.<\/p>\n<!-- \/wp:paragraph -->\n\n<!-- wp:paragraph -->\n<p>Seg\u00fan reza la sentencia, \u201cel bien permaneci\u00f3 en Sabi\u00f1\u00e1n de manera ininterrumpida desde la Guerra de Sucesi\u00f3n (1701 a 1714) hasta que en el a\u00f1o 2000 fue objeto de un robo con fuerza\u201d. El Tribunal ahonda en la cuesti\u00f3n de que desde esa lejana fecha, el Ayuntamiento de Illueca nunca reclam\u00f3 la reliquia del papa \u201chasta el a\u00f1o 2020 nadie cuestion\u00f3 ni la posesi\u00f3n ni la propiedad del cr\u00e1neo por la familia del Conde de Argillo\u201d. La argumentaci\u00f3n de la Sala hace referencia a que el art\u00edculo 635 de la Ley de Enjuiciamiento Criminal dice que \u201cse reputar\u00e1 due\u00f1o el que estuviere poseyendo la cosa al tiempo de incautarse de ella el juez de instrucci\u00f3n\u201d. Por ello concluye que se ha obrado correctamente al devolver el bien a quien lo pose\u00eda en el momento de su incautaci\u00f3n: la familia Olaz\u00e1bal-Bordiu, y en consecuencia, a quien ellos realizaron la donaci\u00f3n del bien, o sea, el Ayuntamiento de Sabi\u00f1\u00e1n. Por todo lo anterior, se desestim\u00f3 el recurso del consistorio de Illueca y se les impuso el pago de las costas del recurso.<\/p>\n<!-- \/wp:paragraph -->\n\n<!-- wp:paragraph -->\n<p>El Ayuntamiento de Sabi\u00f1\u00e1n se ha mostrado satisfecho con la sentencia, ya que confirma la legalidad del proceso y avala la propiedad del consistorio de Sabi\u00f1\u00e1n del cr\u00e1neo del Papa Luna, Pedro Mart\u00ednez de Luna y P\u00e9rez de Gotor.<\/p>\n<!-- \/wp:paragraph -->","_et_gb_content_width":"","footnotes":""},"categories":[14],"tags":[9,12,13],"class_list":["post-311","post","type-post","status-publish","format-standard","has-post-thumbnail","hentry","category-papa-luna","tag-papa-luna","tag-sabinan","tag-sentencia"],"_links":{"self":[{"href":"https:\/\/craneopapaluna.com\/index.php?rest_route=\/wp\/v2\/posts\/311","targetHints":{"allow":["GET"]}}],"collection":[{"href":"https:\/\/craneopapaluna.com\/index.php?rest_route=\/wp\/v2\/posts"}],"about":[{"href":"https:\/\/craneopapaluna.com\/index.php?rest_route=\/wp\/v2\/types\/post"}],"author":[{"embeddable":true,"href":"https:\/\/craneopapaluna.com\/index.php?rest_route=\/wp\/v2\/users\/1"}],"replies":[{"embeddable":true,"href":"https:\/\/craneopapaluna.com\/index.php?rest_route=%2Fwp%2Fv2%2Fcomments&post=311"}],"version-history":[{"count":2,"href":"https:\/\/craneopapaluna.com\/index.php?rest_route=\/wp\/v2\/posts\/311\/revisions"}],"predecessor-version":[{"id":313,"href":"https:\/\/craneopapaluna.com\/index.php?rest_route=\/wp\/v2\/posts\/311\/revisions\/313"}],"wp:featuredmedia":[{"embeddable":true,"href":"https:\/\/craneopapaluna.com\/index.php?rest_route=\/wp\/v2\/media\/120"}],"wp:attachment":[{"href":"https:\/\/craneopapaluna.com\/index.php?rest_route=%2Fwp%2Fv2%2Fmedia&parent=311"}],"wp:term":[{"taxonomy":"category","embeddable":true,"href":"https:\/\/craneopapaluna.com\/index.php?rest_route=%2Fwp%2Fv2%2Fcategories&post=311"},{"taxonomy":"post_tag","embeddable":true,"href":"https:\/\/craneopapaluna.com\/index.php?rest_route=%2Fwp%2Fv2%2Ftags&post=311"}],"curies":[{"name":"wp","href":"https:\/\/api.w.org\/{rel}","templated":true}]}}