{"id":315,"date":"2023-03-24T10:01:28","date_gmt":"2023-03-24T10:01:28","guid":{"rendered":"https:\/\/craneopapaluna.com\/?p=315"},"modified":"2023-03-24T10:01:52","modified_gmt":"2023-03-24T10:01:52","slug":"un-grupo-de-escolares-de-illueca-visitan-sabinan","status":"publish","type":"post","link":"https:\/\/craneopapaluna.com\/?p=315","title":{"rendered":"Un grupo de escolares de Illueca visitan Sabi\u00f1\u00e1n"},"content":{"rendered":"\n<p>Un grupo de escolares del colegio de Illueca se traslado ayer jueves, 23 de marzo, a conocer Sabi\u00f1\u00e1n y visitar el \u00fanico resto conservado de su paisano m\u00e1s ilustre, el Papa Luna. Los escolares llegaron por la ma\u00f1ana y comenzaron por conocer la iglesia de San Pedro y la capilla-museo donde se guarda la reliquia del Benedicto XIII.<\/p>\n\n\n\n<p>Posteriormente se trasladaron al palacio de los Condes de Argillo, donde se juntaron con los escolares del colegio de Sabi\u00f1\u00e1n. All\u00ed, pudieron contemplar la fachada y el escudo que la preside. La trasera del edificio sirvi\u00f3 para que, a la sombra del cipr\u00e9s, pudieran descansar y que los alumnos de Sabi\u00f1\u00e1n les explicaran diversas cosas acerca del pueblo: sus iglesias, sus \u00e1rboles singulares, el palacio y, por supuesto, la figura de Benedicto XIII.<\/p>\n\n\n\n<p>La visita a\u00fan les permiti\u00f3 conocer el barrio de la Se\u00f1or\u00eda, donde adem\u00e1s de la iglesia vieron el platanero trasladado desde el palacio para luego regresar por la calle San Miguel, parando en la plazoleta de la casa de la familia Graci\u00e1n, donde aprendieron que el escritor Baltasar Graci\u00e1n ten\u00eda aqu\u00ed a sus antepasados.<\/p>\n\n\n\n<p>Tras ser recibidos por las autoridades en el sal\u00f3n de plenos del Ayuntamiento, termin\u00f3 una jornada de convivencia entre los m\u00e1s peque\u00f1os de dos pueblos vecinos a los que les une la figura de Benedicto XIII y que deber\u00e1n avanzar unidos en la promoci\u00f3n y conocimiento de este importante personaje.<\/p>\n","protected":false},"excerpt":{"rendered":"<p>Un grupo de escolares del colegio de Illueca se traslado ayer jueves, 23 de marzo, a conocer Sabi\u00f1\u00e1n y visitar el \u00fanico resto conservado de su paisano m\u00e1s ilustre, el Papa Luna. Los escolares llegaron por la ma\u00f1ana y comenzaron por conocer la iglesia de San Pedro y la capilla-museo donde se guarda la reliquia [&hellip;]<\/p>\n","protected":false},"author":1,"featured_media":317,"comment_status":"closed","ping_status":"closed","sticky":false,"template":"","format":"standard","meta":{"_et_pb_use_builder":"off","_et_pb_old_content":"","_et_gb_content_width":"","footnotes":""},"categories":[14,15],"tags":[17,9,12,16],"class_list":["post-315","post","type-post","status-publish","format-standard","has-post-thumbnail","hentry","category-papa-luna","category-turismo","tag-illueca","tag-papa-luna","tag-sabinan","tag-turismo"],"_links":{"self":[{"href":"https:\/\/craneopapaluna.com\/index.php?rest_route=\/wp\/v2\/posts\/315","targetHints":{"allow":["GET"]}}],"collection":[{"href":"https:\/\/craneopapaluna.com\/index.php?rest_route=\/wp\/v2\/posts"}],"about":[{"href":"https:\/\/craneopapaluna.com\/index.php?rest_route=\/wp\/v2\/types\/post"}],"author":[{"embeddable":true,"href":"https:\/\/craneopapaluna.com\/index.php?rest_route=\/wp\/v2\/users\/1"}],"replies":[{"embeddable":true,"href":"https:\/\/craneopapaluna.com\/index.php?rest_route=%2Fwp%2Fv2%2Fcomments&post=315"}],"version-history":[{"count":2,"href":"https:\/\/craneopapaluna.com\/index.php?rest_route=\/wp\/v2\/posts\/315\/revisions"}],"predecessor-version":[{"id":319,"href":"https:\/\/craneopapaluna.com\/index.php?rest_route=\/wp\/v2\/posts\/315\/revisions\/319"}],"wp:featuredmedia":[{"embeddable":true,"href":"https:\/\/craneopapaluna.com\/index.php?rest_route=\/wp\/v2\/media\/317"}],"wp:attachment":[{"href":"https:\/\/craneopapaluna.com\/index.php?rest_route=%2Fwp%2Fv2%2Fmedia&parent=315"}],"wp:term":[{"taxonomy":"category","embeddable":true,"href":"https:\/\/craneopapaluna.com\/index.php?rest_route=%2Fwp%2Fv2%2Fcategories&post=315"},{"taxonomy":"post_tag","embeddable":true,"href":"https:\/\/craneopapaluna.com\/index.php?rest_route=%2Fwp%2Fv2%2Ftags&post=315"}],"curies":[{"name":"wp","href":"https:\/\/api.w.org\/{rel}","templated":true}]}}