{"id":336,"date":"2023-07-19T13:14:46","date_gmt":"2023-07-19T13:14:46","guid":{"rendered":"https:\/\/craneopapaluna.com\/?p=336"},"modified":"2023-07-19T13:22:54","modified_gmt":"2023-07-19T13:22:54","slug":"la-universidad-de-zaragoza-dedica-un-curso-extraordinario-al-papa-luna","status":"publish","type":"post","link":"https:\/\/craneopapaluna.com\/?p=336","title":{"rendered":"La Universidad de Zaragoza dedica un curso extraordinario al Papa Luna"},"content":{"rendered":"\n[et_pb_section fb_built=\u00bb1&#8243; _builder_version=\u00bb4.16&#8243; global_colors_info=\u00bb{}\u00bb][et_pb_row _builder_version=\u00bb4.16&#8243; background_size=\u00bbinitial\u00bb background_position=\u00bbtop_left\u00bb background_repeat=\u00bbrepeat\u00bb global_colors_info=\u00bb{}\u00bb][et_pb_column type=\u00bb4_4&#8243; _builder_version=\u00bb4.16&#8243; custom_padding=\u00bb|||\u00bb global_colors_info=\u00bb{}\u00bb custom_padding__hover=\u00bb|||\u00bb][et_pb_text _builder_version=\u00bb4.21.0&#8243; background_size=\u00bbinitial\u00bb background_position=\u00bbtop_left\u00bb background_repeat=\u00bbrepeat\u00bb hover_enabled=\u00bb0&#8243; global_colors_info=\u00bb{}\u00bb sticky_enabled=\u00bb0&#8243;]<h4><!-- divi:paragraph -->Se celebra esta semana en el Palacio de Illueca y visitar\u00e1 Sabi\u00f1\u00e1n el jueves d\u00eda 20<\/h4>\n<p><!-- \/divi:paragraph --><\/p>\n<p><!-- divi:paragraph -->Un curso extraordinario pone en valor desde ayer martes la figura de Pedro Mart\u00ednez de Luna, el cardenal de Arag\u00f3n que fue papa de Avi\u00f1\u00f3n con el nombre de Benedicto XIII entre 1394-1423. La celebraci\u00f3n del 600 aniversario de su fallecimiento ha motivado la celebraci\u00f3n de este evento a lo largo de esta semana. El Papa Luna naci\u00f3 en el palacio se\u00f1orial de su familia en Illueca en 1328; es por ello que se utiliza el propio edificio, actual hospeder\u00eda y sede comarcal, como sede universitaria.<\/p>\n<p><!-- \/divi:paragraph --><\/p>\n<p><!-- divi:paragraph -->Seg\u00fan expica la propia instituci\u00f3n, \u00abel curso pretende abordar la transcendencia hist\u00f3rica del Papa Luna en la Europa de los siglos XIV-XV. Aparte de vivir en Illueca, Calatayud o Zaragoza en la juventud, Pedro de Luna se instal\u00f3 en Montpellier para estudiar la carrera de leyes, llegando a ser profesor de dicha universidad. Por el prestigio que alcanz\u00f3 fue nombrado cardenal de Arag\u00f3n en 1375 por recomendaci\u00f3n del rey Pedro IV, viajando como legado pontificio por la pen\u00ednsula Ib\u00e9rica y otros pa\u00edses de Europa al iniciarse el Gran Cisma de Occidente. Elegido papa en Avi\u00f1\u00f3n en 1394 vivi\u00f3 all\u00ed hasta que tuvo que huir para instalarse definitivamente en el castillo de Pe\u00f1\u00edscola. Convoc\u00f3 un concilio en Perpi\u00f1\u00e1n y asisti\u00f3 en esa misma ciudad a la cumbre europea de 1415 junto al emperador Segismundo y el rey Fernando I de Arag\u00f3n para tratar sobre su renuncia, que nunca acept\u00f3. Su influencia en la decisi\u00f3n final del Compromiso de Caspe fue clave. El mecenazgo cultural que llev\u00f3 a cabo fue extraordinario en tierras de Arag\u00f3n con las obras que financi\u00f3 en la Seo de Zaragoza o en Calatayud entre otras. Fuera de Arag\u00f3n promovi\u00f3 los estudios universitarios en Salamanca y Saint Andrews (Escocia). De hecho, este curso tiene la intenci\u00f3n final de reivindicar su proyecci\u00f3n internacional a trav\u00e9s de la propuesta de un itinerario cultural del Papa Luna que pueda ser aprobado en un futuro por el Consejo de Europa\u00bb.<\/p>\n<p><!-- \/divi:paragraph --><\/p>\n<p><!-- divi:paragraph -->El programa finaliza el jueves d\u00eda 20 con una visita cultural a Illueca, Gotor, Sabi\u00f1\u00e1n, donde podr\u00e1n visitar el cr\u00e1neo del pont\u00edfice, y Calatayud. Para m\u00e1s informaci\u00f3n, puede accederse a la<a href=\"https:\/\/cursosextraordinarios.unizar.es\/curso\/2023\/el-papa-luna-en-la-europa-de-su-tiempo-siglos-xiv-xv\" target=\"_blank\" rel=\"noreferrer noopener\"> web de la Universidad de Zaragoza<\/a>.<\/p>\n<p><!-- \/divi:paragraph --><\/p>[\/et_pb_text][\/et_pb_column][\/et_pb_row][\/et_pb_section]\n","protected":false},"excerpt":{"rendered":"<p>Se celebra esta semana en el Palacio de Illueca y visitar\u00e1 Sabi\u00f1\u00e1n el jueves d\u00eda 20 Un curso extraordinario pone en valor desde ayer martes la figura de Pedro Mart\u00ednez de Luna, el cardenal de Arag\u00f3n que fue papa de Avi\u00f1\u00f3n con el nombre de Benedicto XIII entre 1394-1423. La celebraci\u00f3n del 600 aniversario de [&hellip;]<\/p>\n","protected":false},"author":1,"featured_media":341,"comment_status":"closed","ping_status":"closed","sticky":false,"template":"","format":"aside","meta":{"_et_pb_use_builder":"on","_et_pb_old_content":"<!-- wp:paragraph -->\n<p><strong>Se celebra esta semana en el Palacio de Illueca y visitar\u00e1 Sabi\u00f1\u00e1n el jueves d\u00eda 20<\/strong><\/p>\n<!-- \/wp:paragraph -->\n\n<!-- wp:paragraph -->\n<p>Un curso extraordinario pone en valor desde ayer martes la figura de Pedro Mart\u00ednez de Luna, el cardenal de Arag\u00f3n que fue papa de Avi\u00f1\u00f3n con el nombre de Benedicto XIII entre 1394-1423. La celebraci\u00f3n del 600 aniversario de su fallecimiento ha motivado la celebraci\u00f3n de este evento a lo largo de esta semana. El Papa Luna naci\u00f3 en el palacio se\u00f1orial de su familia en Illueca en 1328; es por ello que se utiliza el propio edificio, actual hospeder\u00eda y sede comarcal, como sede universitaria.<\/p>\n<!-- \/wp:paragraph -->\n\n<!-- wp:paragraph -->\n<p>Seg\u00fan expica la propia instituci\u00f3n, \"el curso pretende abordar la transcendencia hist\u00f3rica del Papa Luna en la Europa de los siglos XIV-XV. Aparte de vivir en Illueca, Calatayud o Zaragoza en la juventud, Pedro de Luna se instal\u00f3 en Montpellier para estudiar la carrera de leyes, llegando a ser profesor de dicha universidad. Por el prestigio que alcanz\u00f3 fue nombrado cardenal de Arag\u00f3n en 1375 por recomendaci\u00f3n del rey Pedro IV, viajando como legado pontificio por la pen\u00ednsula Ib\u00e9rica y otros pa\u00edses de Europa al iniciarse el Gran Cisma de Occidente. Elegido papa en Avi\u00f1\u00f3n en 1394 vivi\u00f3 all\u00ed hasta que tuvo que huir para instalarse definitivamente en el castillo de Pe\u00f1\u00edscola. Convoc\u00f3 un concilio en Perpi\u00f1\u00e1n y asisti\u00f3 en esa misma ciudad a la cumbre europea de 1415 junto al emperador Segismundo y el rey Fernando I de Arag\u00f3n para tratar sobre su renuncia, que nunca acept\u00f3. Su influencia en la decisi\u00f3n final del Compromiso de Caspe fue clave. El mecenazgo cultural que llev\u00f3 a cabo fue extraordinario en tierras de Arag\u00f3n con las obras que financi\u00f3 en la Seo de Zaragoza o en Calatayud entre otras. Fuera de Arag\u00f3n promovi\u00f3 los estudios universitarios en Salamanca y Saint Andrews (Escocia). De hecho, este curso tiene la intenci\u00f3n final de reivindicar su proyecci\u00f3n internacional a trav\u00e9s de la propuesta de un itinerario cultural del Papa Luna que pueda ser aprobado en un futuro por el Consejo de Europa\".<\/p>\n<!-- \/wp:paragraph -->\n\n<!-- wp:paragraph -->\n<p>El programa finaliza el jueves d\u00eda 20 con una visita cultural a Illueca, Gotor, Sabi\u00f1\u00e1n, donde podr\u00e1n visitar el cr\u00e1neo del pont\u00edfice, y Calatayud. Para m\u00e1s informaci\u00f3n, puede accederse a la<a href=\"https:\/\/cursosextraordinarios.unizar.es\/curso\/2023\/el-papa-luna-en-la-europa-de-su-tiempo-siglos-xiv-xv\" target=\"_blank\" rel=\"noreferrer noopener\"> web de la Universidad de Zaragoza<\/a>.<\/p>\n<!-- \/wp:paragraph -->","_et_gb_content_width":"","footnotes":""},"categories":[14,18],"tags":[11,17,9,12,19],"class_list":["post-336","post","type-post","status-publish","format-aside","has-post-thumbnail","hentry","category-papa-luna","category-universidad-de-zaragoza","tag-600-aniversario","tag-illueca","tag-papa-luna","tag-sabinan","tag-universidad-de-zaragoza","post_format-post-format-aside"],"_links":{"self":[{"href":"https:\/\/craneopapaluna.com\/index.php?rest_route=\/wp\/v2\/posts\/336","targetHints":{"allow":["GET"]}}],"collection":[{"href":"https:\/\/craneopapaluna.com\/index.php?rest_route=\/wp\/v2\/posts"}],"about":[{"href":"https:\/\/craneopapaluna.com\/index.php?rest_route=\/wp\/v2\/types\/post"}],"author":[{"embeddable":true,"href":"https:\/\/craneopapaluna.com\/index.php?rest_route=\/wp\/v2\/users\/1"}],"replies":[{"embeddable":true,"href":"https:\/\/craneopapaluna.com\/index.php?rest_route=%2Fwp%2Fv2%2Fcomments&post=336"}],"version-history":[{"count":4,"href":"https:\/\/craneopapaluna.com\/index.php?rest_route=\/wp\/v2\/posts\/336\/revisions"}],"predecessor-version":[{"id":342,"href":"https:\/\/craneopapaluna.com\/index.php?rest_route=\/wp\/v2\/posts\/336\/revisions\/342"}],"wp:featuredmedia":[{"embeddable":true,"href":"https:\/\/craneopapaluna.com\/index.php?rest_route=\/wp\/v2\/media\/341"}],"wp:attachment":[{"href":"https:\/\/craneopapaluna.com\/index.php?rest_route=%2Fwp%2Fv2%2Fmedia&parent=336"}],"wp:term":[{"taxonomy":"category","embeddable":true,"href":"https:\/\/craneopapaluna.com\/index.php?rest_route=%2Fwp%2Fv2%2Fcategories&post=336"},{"taxonomy":"post_tag","embeddable":true,"href":"https:\/\/craneopapaluna.com\/index.php?rest_route=%2Fwp%2Fv2%2Ftags&post=336"}],"curies":[{"name":"wp","href":"https:\/\/api.w.org\/{rel}","templated":true}]}}