{"id":353,"date":"2023-08-12T15:37:41","date_gmt":"2023-08-12T15:37:41","guid":{"rendered":"https:\/\/craneopapaluna.com\/?p=353"},"modified":"2023-08-12T15:37:43","modified_gmt":"2023-08-12T15:37:43","slug":"una-nueva-visita-turistica-viene-a-ver-el-craneo-del-papa-luna","status":"publish","type":"post","link":"https:\/\/craneopapaluna.com\/?p=353","title":{"rendered":"Una nueva visita tur\u00edstica viene a ver el cr\u00e1neo del Papa Luna"},"content":{"rendered":"\n<p>En la ma\u00f1ana de hoy s\u00e1bado se h realizado una nueva visita de un grupo de veinte turistas que han recalado en Sabi\u00f1\u00e1n. Se trata de una actividad organizada por el gu\u00eda Jos\u00e9 Luis Cort\u00e9s, quien ha acompa\u00f1ado a un grupo procedente de diversos lugares como Zaragoza, Madrid, Mor\u00e9s, Illueca, Terrer, Daroca o Sevilla, y han realizado una ruta centrada en el Papa Luna. As\u00ed, la visita ha comenzado en la localidad de Illueca visitando su iglesia de San Juan. Posteriormente se han desplazado hasta Mor\u00e9s, donde han podido disfrutar de la ermita de San F\u00e9lix. Por \u00faltimo, el grupo ha llegado hasta Sabi\u00f1an, donde han realizado una completa visita a la iglesia de San Pedro y a la capilla de Santa Ana, de la misma donde se ubica la reliquia de Benedicto XIII. En Sabi\u00f1an, han sido recibidos por el alcalde de la localidad y presidente de la comarca Comunidad de Calatayud, Ignacio Marcuello. Los visitantes se han mostrado ilusionados con el recorrido. El gu\u00eda ha indicado que las visitas como la de hoy podr\u00e1n repetirse en el futuro dada la aceptaci\u00f3n entre su clientela.<\/p>\n\n\n\n<figure class=\"wp-block-image size-large\"><img loading=\"lazy\" decoding=\"async\" width=\"1024\" height=\"768\" src=\"https:\/\/craneopapaluna.com\/wp-content\/uploads\/2023\/08\/PHOTO-2023-08-12-14-16-05-en-tamano-grande-1024x768.jpeg\" alt=\"\" class=\"wp-image-354\" srcset=\"https:\/\/craneopapaluna.com\/wp-content\/uploads\/2023\/08\/PHOTO-2023-08-12-14-16-05-en-tamano-grande-1024x768.jpeg 1024w, https:\/\/craneopapaluna.com\/wp-content\/uploads\/2023\/08\/PHOTO-2023-08-12-14-16-05-en-tamano-grande-980x735.jpeg 980w, https:\/\/craneopapaluna.com\/wp-content\/uploads\/2023\/08\/PHOTO-2023-08-12-14-16-05-en-tamano-grande-480x360.jpeg 480w\" sizes=\"(min-width: 0px) and (max-width: 480px) 480px, (min-width: 481px) and (max-width: 980px) 980px, (min-width: 981px) 1024px, 100vw\" \/><\/figure>\n","protected":false},"excerpt":{"rendered":"<p>En la ma\u00f1ana de hoy s\u00e1bado se h realizado una nueva visita de un grupo de veinte turistas que han recalado en Sabi\u00f1\u00e1n. Se trata de una actividad organizada por el gu\u00eda Jos\u00e9 Luis Cort\u00e9s, quien ha acompa\u00f1ado a un grupo procedente de diversos lugares como Zaragoza, Madrid, Mor\u00e9s, Illueca, Terrer, Daroca o Sevilla, y [&hellip;]<\/p>\n","protected":false},"author":1,"featured_media":355,"comment_status":"closed","ping_status":"closed","sticky":false,"template":"","format":"aside","meta":{"_et_pb_use_builder":"off","_et_pb_old_content":"","_et_gb_content_width":"","footnotes":""},"categories":[14,15],"tags":[11,17,22,9,12,16,10],"class_list":["post-353","post","type-post","status-publish","format-aside","has-post-thumbnail","hentry","category-papa-luna","category-turismo","tag-600-aniversario","tag-illueca","tag-mores","tag-papa-luna","tag-sabinan","tag-turismo","tag-visitas-guiadas","post_format-post-format-aside"],"_links":{"self":[{"href":"https:\/\/craneopapaluna.com\/index.php?rest_route=\/wp\/v2\/posts\/353","targetHints":{"allow":["GET"]}}],"collection":[{"href":"https:\/\/craneopapaluna.com\/index.php?rest_route=\/wp\/v2\/posts"}],"about":[{"href":"https:\/\/craneopapaluna.com\/index.php?rest_route=\/wp\/v2\/types\/post"}],"author":[{"embeddable":true,"href":"https:\/\/craneopapaluna.com\/index.php?rest_route=\/wp\/v2\/users\/1"}],"replies":[{"embeddable":true,"href":"https:\/\/craneopapaluna.com\/index.php?rest_route=%2Fwp%2Fv2%2Fcomments&post=353"}],"version-history":[{"count":1,"href":"https:\/\/craneopapaluna.com\/index.php?rest_route=\/wp\/v2\/posts\/353\/revisions"}],"predecessor-version":[{"id":356,"href":"https:\/\/craneopapaluna.com\/index.php?rest_route=\/wp\/v2\/posts\/353\/revisions\/356"}],"wp:featuredmedia":[{"embeddable":true,"href":"https:\/\/craneopapaluna.com\/index.php?rest_route=\/wp\/v2\/media\/355"}],"wp:attachment":[{"href":"https:\/\/craneopapaluna.com\/index.php?rest_route=%2Fwp%2Fv2%2Fmedia&parent=353"}],"wp:term":[{"taxonomy":"category","embeddable":true,"href":"https:\/\/craneopapaluna.com\/index.php?rest_route=%2Fwp%2Fv2%2Fcategories&post=353"},{"taxonomy":"post_tag","embeddable":true,"href":"https:\/\/craneopapaluna.com\/index.php?rest_route=%2Fwp%2Fv2%2Ftags&post=353"}],"curies":[{"name":"wp","href":"https:\/\/api.w.org\/{rel}","templated":true}]}}