{"id":358,"date":"2023-08-20T09:09:35","date_gmt":"2023-08-20T09:09:35","guid":{"rendered":"https:\/\/craneopapaluna.com\/?p=358"},"modified":"2023-08-20T09:16:13","modified_gmt":"2023-08-20T09:16:13","slug":"presentados-dos-videos-promocionales-de-sabinan-y-de-la-figura-del-papa-luna","status":"publish","type":"post","link":"https:\/\/craneopapaluna.com\/?p=358","title":{"rendered":"Presentados dos v\u00eddeos promocionales de Sabi\u00f1\u00e1n y de la figura del Papa Luna"},"content":{"rendered":"[et_pb_section fb_built=\u00bb1&#8243; admin_label=\u00bbsection\u00bb _builder_version=\u00bb4.16&#8243; global_colors_info=\u00bb{}\u00bb][et_pb_row admin_label=\u00bbrow\u00bb _builder_version=\u00bb4.16&#8243; background_size=\u00bbinitial\u00bb background_position=\u00bbtop_left\u00bb background_repeat=\u00bbrepeat\u00bb global_colors_info=\u00bb{}\u00bb custom_margin=\u00bb-43px|auto||auto||\u00bb][et_pb_column type=\u00bb4_4&#8243; _builder_version=\u00bb4.16&#8243; custom_padding=\u00bb|||\u00bb global_colors_info=\u00bb{}\u00bb custom_padding__hover=\u00bb|||\u00bb][et_pb_text admin_label=\u00bbText\u00bb _builder_version=\u00bb4.16&#8243; background_size=\u00bbinitial\u00bb background_position=\u00bbtop_left\u00bb background_repeat=\u00bbrepeat\u00bb global_colors_info=\u00bb{}\u00bb]<p><\/p>\n<p>La Iglesia de San Pedro de Sabi\u00f1\u00e1n fue el escenario elegido para cerrar las festividades patronales en honor a San Roque con un destacado evento: la proyecci\u00f3n de dos v\u00eddeos promocionales. Un p\u00fablico de alrededor de 200 personas se congreg\u00f3 en el recinto sagrado para deleitarse con los avances logrados en el marco del 600 aniversario de la muerte de Benedicto XIII, conocido como el Papa Luna, cuyo cr\u00e1neo momificado se resguarda en la capilla de Santa Ana dentro de la parroquia.<\/p>\n<p>El primer v\u00eddeo constituye una adaptaci\u00f3n del documental titulado <a href=\"https:\/\/youtu.be\/QIKR1nmRWnc\" data-type=\"link\" data-id=\"https:\/\/youtu.be\/QIKR1nmRWnc\">\u00ab600 a\u00f1os sin descanso: El Papa Luna\u00bb<\/a>, dirigido por Germ\u00e1n Roda en el a\u00f1o 2016. Este metraje ha sido especialmente editado para su exhibici\u00f3n en esta localidad, condensando en unos breves 10 minutos la esencia del documental original, que originalmente ten\u00eda una duraci\u00f3n de m\u00e1s de una hora.<\/p>\n<p>El segundo v\u00eddeo, bajo el t\u00edtulo <a href=\"https:\/\/youtu.be\/XpM3Gh1W-NY\" data-type=\"link\" data-id=\"https:\/\/youtu.be\/XpM3Gh1W-NY\">\u201cSabi\u00f1\u00e1n da vida a la vida\u00bb,<\/a> presenta una visi\u00f3n panor\u00e1mica de todos los lugares de inter\u00e9s en nuestra comunidad. Realizado por Tintaura S.L. con el guion a cargo de Santiago Cabello, esta obra audiovisual, que dura alrededor de 8 minutos, ofrece un recorrido por las joyas hist\u00f3ricas, art\u00edsticas y naturales de la localidad.<\/p>\n<p>Ambos trabajos est\u00e1n concebidos para su proyecci\u00f3n en la propia iglesia, de modo que los visitantes que se acercan a admirar el cr\u00e1neo del Papa Luna puedan obtener un conocimiento completo tanto sobre el personaje hist\u00f3rico como sobre la localidad en s\u00ed. <span style=\"font-size: 14px;\">En el acto de presentaci\u00f3n, tomaron la palabra Ignacio Marcuello, alcalde de Sabi\u00f1\u00e1n y presidente de la comarca Comunidad de Calatayud; Pilar Marco, ex vicepresidenta de esta instituci\u00f3n, que auspici\u00f3 la realizaci\u00f3n de los audiovisuales; Francisco Tobajas, concejal de Cultura del Ayuntamiento; y Santiago Cabello, el responsable de la empresa Tintaura. Marcuello expres\u00f3 su orgullo por las incansables gestiones llevadas a cabo por el Ayuntamiento de Sabi\u00f1\u00e1n en pos de honrar la figura del Papa Luna, y adelant\u00f3 que se continuar\u00e1 avanzando para promover tanto su legado como la imagen del pueblo que resguarda sus restos de manera \u00fanica. En el mismo acto se pudo contemplar el cuadro que el pintor local Luis Pinilla ha donado a\u00a0<\/span>Sabi\u00f1\u00e1n y que representa a Benedicto XIII en su juventud.<\/p>\n<p>Pinchando en los enlaces pueden verse ambas obras:<\/p>\n<p><span style=\"font-size: 14px;\"><a href=\"https:\/\/youtu.be\/XpM3Gh1W-NY\">https:\/\/youtu.be\/XpM3Gh1W-NY<\/a><\/span><\/p>\n<p><span style=\"font-size: 14px;\"><a href=\"https:\/\/youtu.be\/QIKR1nmRWnc\">https:\/\/youtu.be\/QIKR1nmRWnc<\/a><\/span><span style=\"font-size: 14px;\"><\/span><\/p>\n<p><\/p>[\/et_pb_text][\/et_pb_column][\/et_pb_row][et_pb_row _builder_version=\u00bb4.22.1&#8243; _module_preset=\u00bbdefault\u00bb][et_pb_column _builder_version=\u00bb4.22.1&#8243; _module_preset=\u00bbdefault\u00bb type=\u00bb4_4&#8243;][et_pb_gallery _builder_version=\u00bb4.22.1&#8243; _module_preset=\u00bbdefault\u00bb gallery_ids=\u00bb362,360,359&#8243; hover_enabled=\u00bb0&#8243; sticky_enabled=\u00bb0&#8243; posts_number=\u00bb3&#8243; show_title_and_caption=\u00bboff\u00bb show_pagination=\u00bboff\u00bb link_option_url_new_window=\u00bbon\u00bb][\/et_pb_gallery][\/et_pb_column][\/et_pb_row][\/et_pb_section]","protected":false},"excerpt":{"rendered":"<p>La Iglesia de San Pedro de Sabi\u00f1\u00e1n fue el escenario elegido para cerrar las festividades patronales en honor a San Roque con un destacado evento: la proyecci\u00f3n de dos v\u00eddeos promocionales. Un p\u00fablico de alrededor de 200 personas se congreg\u00f3 en el recinto sagrado para deleitarse con los avances logrados en el marco del 600 [&hellip;]<\/p>\n","protected":false},"author":1,"featured_media":361,"comment_status":"closed","ping_status":"closed","sticky":false,"template":"","format":"aside","meta":{"_et_pb_use_builder":"on","_et_pb_old_content":"<!-- wp:paragraph -->\n<p>La Iglesia de San Pedro de Sabi\u00f1\u00e1n fue el escenario elegido para cerrar las festividades patronales en honor a San Roque con un destacado evento: la proyecci\u00f3n de dos v\u00eddeos promocionales. Un p\u00fablico de alrededor de 200 personas se congreg\u00f3 en el recinto sagrado para deleitarse con los avances logrados en el marco del 600 aniversario de la muerte de Benedicto XIII, conocido como el Papa Luna, cuyo cr\u00e1neo momificado se resguarda en la capilla de Santa Ana dentro de la parroquia.<\/p>\n<!-- \/wp:paragraph -->\n\n<!-- wp:paragraph -->\n<p>El primer v\u00eddeo constituye una adaptaci\u00f3n del documental titulado <a href=\"https:\/\/youtu.be\/QIKR1nmRWnc\" data-type=\"link\" data-id=\"https:\/\/youtu.be\/QIKR1nmRWnc\">\"600 a\u00f1os sin descanso: El Papa Luna\"<\/a>, dirigido por Germ\u00e1n Roda en el a\u00f1o 2016. Este metraje ha sido especialmente editado para su exhibici\u00f3n en esta localidad, condensando en unos breves 10 minutos la esencia del documental original, que originalmente ten\u00eda una duraci\u00f3n de m\u00e1s de una hora.<\/p>\n<!-- \/wp:paragraph -->\n\n<!-- wp:paragraph -->\n<p>El segundo v\u00eddeo, bajo el t\u00edtulo <a href=\"https:\/\/youtu.be\/XpM3Gh1W-NY\" data-type=\"link\" data-id=\"https:\/\/youtu.be\/XpM3Gh1W-NY\">\u201cSabi\u00f1\u00e1n da vida a la vida\",<\/a> presenta una visi\u00f3n panor\u00e1mica de todos los lugares de inter\u00e9s en nuestra comunidad. Realizado por Tintaura S.L. con el guion a cargo de Santiago Cabello, esta obra audiovisual, que dura alrededor de 8 minutos, ofrece un recorrido por las joyas hist\u00f3ricas, art\u00edsticas y naturales de la localidad.<\/p>\n<!-- \/wp:paragraph -->\n\n<!-- wp:paragraph -->\n<p>Ambos trabajos est\u00e1n concebidos para su proyecci\u00f3n en la propia iglesia, de modo que los visitantes que se acercan a admirar el cr\u00e1neo del Papa Luna puedan obtener un conocimiento completo tanto sobre el personaje hist\u00f3rico como sobre la localidad en s\u00ed.<\/p>\n<!-- \/wp:paragraph -->\n\n<!-- wp:paragraph -->\n<p>En el acto de presentaci\u00f3n, tomaron la palabra Ignacio Marcuello, alcalde de Sabi\u00f1\u00e1n y presidente de la comarca Comunidad de Calatayud; Pilar Marco, ex vicepresidenta de esta instituci\u00f3n, que auspici\u00f3 la realizaci\u00f3n de los audiovisuales; Francisco Tobajas, concejal de Cultura del Ayuntamiento; y Santiago Cabello, el responsable de la empresa Tintaura. Marcuello expres\u00f3 su orgullo por las incansables gestiones llevadas a cabo por el Ayuntamiento de Sabi\u00f1\u00e1n en pos de honrar la figura del Papa Luna, y adelant\u00f3 que se continuar\u00e1 avanzando para promover tanto su legado como la imagen del pueblo que resguarda sus restos de manera \u00fanica.<\/p>\n<!-- \/wp:paragraph -->\n\n<!-- wp:paragraph -->\n<p><\/p>\n<!-- \/wp:paragraph -->\n\n<!-- wp:paragraph -->\n<p>Pinchando en los enlaces pueden verse ambas obras:<\/p>\n<!-- \/wp:paragraph -->\n\n<!-- wp:embed {\"url\":\"https:\/\/youtu.be\/XpM3Gh1W-NY\",\"type\":\"video\",\"providerNameSlug\":\"youtube\",\"responsive\":true,\"className\":\"wp-embed-aspect-16-9 wp-has-aspect-ratio\"} -->\n<figure class=\"wp-block-embed is-type-video is-provider-youtube wp-block-embed-youtube wp-embed-aspect-16-9 wp-has-aspect-ratio\"><div class=\"wp-block-embed__wrapper\">\nhttps:\/\/youtu.be\/XpM3Gh1W-NY\n<\/div><\/figure>\n<!-- \/wp:embed -->\n\n<!-- wp:embed {\"url\":\"https:\/\/youtu.be\/QIKR1nmRWnc\",\"type\":\"video\",\"providerNameSlug\":\"youtube\",\"responsive\":true,\"className\":\"wp-embed-aspect-16-9 wp-has-aspect-ratio\"} -->\n<figure class=\"wp-block-embed is-type-video is-provider-youtube wp-block-embed-youtube wp-embed-aspect-16-9 wp-has-aspect-ratio\"><div class=\"wp-block-embed__wrapper\">\nhttps:\/\/youtu.be\/QIKR1nmRWnc\n<\/div><\/figure>\n<!-- \/wp:embed -->","_et_gb_content_width":"","footnotes":""},"categories":[14,15],"tags":[11,21,9,12,23],"class_list":["post-358","post","type-post","status-publish","format-aside","has-post-thumbnail","hentry","category-papa-luna","category-turismo","tag-600-aniversario","tag-fiestas-de-san-roque","tag-papa-luna","tag-sabinan","tag-videos","post_format-post-format-aside"],"_links":{"self":[{"href":"https:\/\/craneopapaluna.com\/index.php?rest_route=\/wp\/v2\/posts\/358","targetHints":{"allow":["GET"]}}],"collection":[{"href":"https:\/\/craneopapaluna.com\/index.php?rest_route=\/wp\/v2\/posts"}],"about":[{"href":"https:\/\/craneopapaluna.com\/index.php?rest_route=\/wp\/v2\/types\/post"}],"author":[{"embeddable":true,"href":"https:\/\/craneopapaluna.com\/index.php?rest_route=\/wp\/v2\/users\/1"}],"replies":[{"embeddable":true,"href":"https:\/\/craneopapaluna.com\/index.php?rest_route=%2Fwp%2Fv2%2Fcomments&post=358"}],"version-history":[{"count":5,"href":"https:\/\/craneopapaluna.com\/index.php?rest_route=\/wp\/v2\/posts\/358\/revisions"}],"predecessor-version":[{"id":370,"href":"https:\/\/craneopapaluna.com\/index.php?rest_route=\/wp\/v2\/posts\/358\/revisions\/370"}],"wp:featuredmedia":[{"embeddable":true,"href":"https:\/\/craneopapaluna.com\/index.php?rest_route=\/wp\/v2\/media\/361"}],"wp:attachment":[{"href":"https:\/\/craneopapaluna.com\/index.php?rest_route=%2Fwp%2Fv2%2Fmedia&parent=358"}],"wp:term":[{"taxonomy":"category","embeddable":true,"href":"https:\/\/craneopapaluna.com\/index.php?rest_route=%2Fwp%2Fv2%2Fcategories&post=358"},{"taxonomy":"post_tag","embeddable":true,"href":"https:\/\/craneopapaluna.com\/index.php?rest_route=%2Fwp%2Fv2%2Ftags&post=358"}],"curies":[{"name":"wp","href":"https:\/\/api.w.org\/{rel}","templated":true}]}}